{"id":4810,"date":"2024-02-17T00:00:00","date_gmt":"2024-02-17T00:00:00","guid":{"rendered":"https:\/\/about.macron.com\/lac-reggiana-in-campo-con-una-maglia-speciale-dedicata-alle-persone-con-disabilita-visive\/"},"modified":"2025-04-30T08:31:50","modified_gmt":"2025-04-30T08:31:50","slug":"lac-reggiana-in-campo-con-una-maglia-speciale-dedicata-alle-persone-con-disabilita-visive","status":"publish","type":"post","link":"https:\/\/about.macron.com\/en\/news\/kit-launches\/lac-reggiana-in-campo-con-una-maglia-speciale-dedicata-alle-persone-con-disabilita-visive\/","title":{"rendered":"L\u2019AC Reggiana in campo con una maglia speciale dedicata alle persone con disabilit\u00e0 visive"},"content":{"rendered":"<p>In occasione della Giornata Nazionale del Braille, sistema di lettura e scrittura per persone con disabilit\u00e0 visive, l\u2019<a href=\"https:\/\/www.macron.com\/it\/kit-ufficiali\/calcio-italiano\/reggiana-calcio.html\"><strong>AC Reggiana<\/strong><\/a> scende in campo oggi contro la Ternana indossando, come primo club in Italia, delle <strong>speciali maglie<\/strong>, realizzate da <strong>Macron<\/strong> per l\u2019occasione, sulle quali i nomi dei giocatori sono scritti utilizzando il codice messo a punto dal francese Louis Braille nella prima met\u00e0 del XIX secolo.<\/p>\n<p>Un\u2019iniziativa sociale finalizzata a rendere lo stadio sempre pi\u00f9 accessibile e identificarlo come luogo d\u2019incontro, per tutti. Una scelta, quella del club emiliano, condivisa pienamente da Macron che, da sempre, considera l\u2019inclusione e lo sport per tutti valori fondamentali nella propria filosofia aziendale.<\/p>\n<p>L\u2019iniziativa dell\u2019AC Reggiana \u00e8 stata attuata in collaborazione con la <strong>Sezione Territoriale di Reggio Emilia dell\u2019Unione Italiana dei Ciechi e degli Ipovedenti<\/strong> che<strong> favorisce la piena inclusione dei non vedenti e degli ipovedenti in ogni ambito sociale, <\/strong>tramite attivit\u00e0 riabilitative, educative e ludiche. Lo sport, in questo caso il calcio, diventa veicolo e strumento universale per sensibilizzare la comunit\u00e0 nei confronti di temi come questo perch\u00e9 \u00e8 un bene di tutti. Lo sport \u00e8 di tutti.<\/p>\n<p>\u201c<em>Lo sport ha un potere di comunicazione universale e arriva ovunque. L\u2019iniziativa dell\u2019AC Reggiana ha proprio questo scopo<\/em>. \u2013 ha detto <strong>Gianluca Pavanello<\/strong>, CEO di Macron &#8211; <em>La maglia porta con s\u00e9 tanti valori e diventa un messaggio importante per coinvolgere le persone e sensibilizzarle su temi come quelli dell\u2019inclusione e del sostegno a persone con disabilit\u00e0, in questo caso visive. Siamo felici di essere parte attiva di questa bellissima iniziativa<\/em>\u201d.<\/p>\n<p>Queste maglie \u2018special edition\u2019 saranno messe in vendita a partire da luned\u00ec 19 febbraio al Reggiana Store e il ricavato sar\u00e0 investito dal club granata per un progetto dedicato ai non vedenti al Mapei Stadium.<\/p>\n<div class=\"image-news-imported\">\n  <img decoding=\"async\" src=\"\/wp-content\/uploads\/2025\/02\/\">\n<\/div>\n","protected":false},"excerpt":{"rendered":"<p>In occasione della Giornata Nazionale del Braille, sistema di lettura e scrittura per persone con disabilit\u00e0 visive, l\u2019AC Reggiana scende in campo oggi contro la Ternana indossando, come primo club in Italia, delle speciali maglie, realizzate da Macron per l\u2019occasione, sulle quali i nomi dei giocatori sono scritti utilizzando il codice messo a punto dal [&hellip;]<\/p>\n","protected":false},"author":3,"featured_media":9891,"comment_status":"closed","ping_status":"open","sticky":false,"template":"","format":"standard","meta":{"_acf_changed":false,"wpupg_custom_link":[],"wpupg_custom_link_behaviour":[],"wpupg_custom_link_nofollow":[],"wpupg_custom_image":[],"wpupg_custom_image_id":[],"footnotes":""},"categories":[28],"tags":[546],"class_list":["post-4810","post","type-post","status-publish","format-standard","has-post-thumbnail","hentry","category-kit-launches","tag-ac-reggiana-1919"],"acf":[],"yoast_head":"<!-- This site is optimized with the Yoast SEO plugin v26.0 - https:\/\/yoast.com\/wordpress\/plugins\/seo\/ -->\n<title>L\u2019AC Reggiana in campo con una maglia speciale dedicata alle persone con disabilit\u00e0 visive | About Macron<\/title>\n<meta name=\"robots\" content=\"index, follow, max-snippet:-1, max-image-preview:large, max-video-preview:-1\" \/>\n<link rel=\"canonical\" href=\"https:\/\/about.macron.com\/en\/news\/kit-launches\/lac-reggiana-in-campo-con-una-maglia-speciale-dedicata-alle-persone-con-disabilita-visive\/\" \/>\n<meta property=\"og:locale\" content=\"en_US\" \/>\n<meta property=\"og:type\" content=\"article\" \/>\n<meta property=\"og:title\" content=\"L\u2019AC Reggiana in campo con una maglia speciale dedicata alle persone con disabilit\u00e0 visive | About Macron\" \/>\n<meta property=\"og:description\" content=\"In occasione della Giornata Nazionale del Braille, sistema di lettura e scrittura per persone con disabilit\u00e0 visive, l\u2019AC Reggiana scende in campo oggi contro la Ternana indossando, come primo club in Italia, delle speciali maglie, realizzate da Macron per l\u2019occasione, sulle quali i nomi dei giocatori sono scritti utilizzando il codice messo a punto dal [&hellip;]\" \/>\n<meta property=\"og:url\" content=\"https:\/\/about.macron.com\/en\/news\/kit-launches\/lac-reggiana-in-campo-con-una-maglia-speciale-dedicata-alle-persone-con-disabilita-visive\/\" \/>\n<meta property=\"og:site_name\" content=\"About Macron\" \/>\n<meta property=\"article:publisher\" content=\"https:\/\/www.facebook.com\/macronsports\/\" \/>\n<meta property=\"article:published_time\" content=\"2024-02-17T00:00:00+00:00\" \/>\n<meta property=\"article:modified_time\" content=\"2025-04-30T08:31:50+00:00\" \/>\n<meta property=\"og:image\" content=\"https:\/\/about.macron.com\/wp-content\/uploads\/2025\/02\/Reggiana-Braille-News-1920x1050-1.jpg\" \/>\n\t<meta property=\"og:image:width\" content=\"1920\" \/>\n\t<meta property=\"og:image:height\" content=\"1050\" \/>\n\t<meta property=\"og:image:type\" content=\"image\/jpeg\" \/>\n<meta name=\"author\" content=\"f.pagliaroli\" \/>\n<meta name=\"twitter:card\" content=\"summary_large_image\" \/>\n<meta name=\"twitter:creator\" content=\"@MacronSports\" \/>\n<meta name=\"twitter:site\" content=\"@MacronSports\" \/>\n<meta name=\"twitter:label1\" content=\"Written by\" \/>\n\t<meta name=\"twitter:data1\" content=\"f.pagliaroli\" \/>\n\t<meta name=\"twitter:label2\" content=\"Est. reading time\" \/>\n\t<meta name=\"twitter:data2\" content=\"1 minute\" \/>\n<script type=\"application\/ld+json\" class=\"yoast-schema-graph\">{\"@context\":\"https:\/\/schema.org\",\"@graph\":[{\"@type\":\"Article\",\"@id\":\"https:\/\/about.macron.com\/en\/news\/kit-launches\/lac-reggiana-in-campo-con-una-maglia-speciale-dedicata-alle-persone-con-disabilita-visive\/#article\",\"isPartOf\":{\"@id\":\"https:\/\/about.macron.com\/en\/news\/kit-launches\/lac-reggiana-in-campo-con-una-maglia-speciale-dedicata-alle-persone-con-disabilita-visive\/\"},\"author\":{\"name\":\"f.pagliaroli\",\"@id\":\"https:\/\/about.macron.com\/en\/#\/schema\/person\/b51c79370ecd5137c6e294a8e02f5e95\"},\"headline\":\"L\u2019AC Reggiana in campo con una maglia speciale dedicata alle persone con disabilit\u00e0 visive\",\"datePublished\":\"2024-02-17T00:00:00+00:00\",\"dateModified\":\"2025-04-30T08:31:50+00:00\",\"mainEntityOfPage\":{\"@id\":\"https:\/\/about.macron.com\/en\/news\/kit-launches\/lac-reggiana-in-campo-con-una-maglia-speciale-dedicata-alle-persone-con-disabilita-visive\/\"},\"wordCount\":310,\"publisher\":{\"@id\":\"https:\/\/about.macron.com\/en\/#organization\"},\"image\":{\"@id\":\"https:\/\/about.macron.com\/en\/news\/kit-launches\/lac-reggiana-in-campo-con-una-maglia-speciale-dedicata-alle-persone-con-disabilita-visive\/#primaryimage\"},\"thumbnailUrl\":\"https:\/\/about.macron.com\/wp-content\/uploads\/2025\/02\/Reggiana-Braille-News-1920x1050-1.jpg\",\"keywords\":[\"AC Reggiana 1919\"],\"articleSection\":[\"Kit launches\"],\"inLanguage\":\"en-US\"},{\"@type\":\"WebPage\",\"@id\":\"https:\/\/about.macron.com\/en\/news\/kit-launches\/lac-reggiana-in-campo-con-una-maglia-speciale-dedicata-alle-persone-con-disabilita-visive\/\",\"url\":\"https:\/\/about.macron.com\/en\/news\/kit-launches\/lac-reggiana-in-campo-con-una-maglia-speciale-dedicata-alle-persone-con-disabilita-visive\/\",\"name\":\"L\u2019AC Reggiana in campo con una maglia speciale dedicata alle persone con disabilit\u00e0 visive | About Macron\",\"isPartOf\":{\"@id\":\"https:\/\/about.macron.com\/en\/#website\"},\"primaryImageOfPage\":{\"@id\":\"https:\/\/about.macron.com\/en\/news\/kit-launches\/lac-reggiana-in-campo-con-una-maglia-speciale-dedicata-alle-persone-con-disabilita-visive\/#primaryimage\"},\"image\":{\"@id\":\"https:\/\/about.macron.com\/en\/news\/kit-launches\/lac-reggiana-in-campo-con-una-maglia-speciale-dedicata-alle-persone-con-disabilita-visive\/#primaryimage\"},\"thumbnailUrl\":\"https:\/\/about.macron.com\/wp-content\/uploads\/2025\/02\/Reggiana-Braille-News-1920x1050-1.jpg\",\"datePublished\":\"2024-02-17T00:00:00+00:00\",\"dateModified\":\"2025-04-30T08:31:50+00:00\",\"breadcrumb\":{\"@id\":\"https:\/\/about.macron.com\/en\/news\/kit-launches\/lac-reggiana-in-campo-con-una-maglia-speciale-dedicata-alle-persone-con-disabilita-visive\/#breadcrumb\"},\"inLanguage\":\"en-US\",\"potentialAction\":[{\"@type\":\"ReadAction\",\"target\":[\"https:\/\/about.macron.com\/en\/news\/kit-launches\/lac-reggiana-in-campo-con-una-maglia-speciale-dedicata-alle-persone-con-disabilita-visive\/\"]}]},{\"@type\":\"ImageObject\",\"inLanguage\":\"en-US\",\"@id\":\"https:\/\/about.macron.com\/en\/news\/kit-launches\/lac-reggiana-in-campo-con-una-maglia-speciale-dedicata-alle-persone-con-disabilita-visive\/#primaryimage\",\"url\":\"https:\/\/about.macron.com\/wp-content\/uploads\/2025\/02\/Reggiana-Braille-News-1920x1050-1.jpg\",\"contentUrl\":\"https:\/\/about.macron.com\/wp-content\/uploads\/2025\/02\/Reggiana-Braille-News-1920x1050-1.jpg\",\"width\":1920,\"height\":1050},{\"@type\":\"BreadcrumbList\",\"@id\":\"https:\/\/about.macron.com\/en\/news\/kit-launches\/lac-reggiana-in-campo-con-una-maglia-speciale-dedicata-alle-persone-con-disabilita-visive\/#breadcrumb\",\"itemListElement\":[{\"@type\":\"ListItem\",\"position\":1,\"name\":\"Home\",\"item\":\"https:\/\/about.macron.com\/en\/\"},{\"@type\":\"ListItem\",\"position\":2,\"name\":\"News\",\"item\":\"https:\/\/about.macron.com\/en\/news\/\"},{\"@type\":\"ListItem\",\"position\":3,\"name\":\"Kit launches\",\"item\":\"https:\/\/about.macron.com\/en\/news\/kit-launches\/\"},{\"@type\":\"ListItem\",\"position\":4,\"name\":\"L\u2019AC Reggiana in campo con una maglia speciale dedicata alle persone con disabilit\u00e0 visive\"}]},{\"@type\":\"WebSite\",\"@id\":\"https:\/\/about.macron.com\/en\/#website\",\"url\":\"https:\/\/about.macron.com\/en\/\",\"name\":\"About Macron\",\"description\":\"Corporate website\",\"publisher\":{\"@id\":\"https:\/\/about.macron.com\/en\/#organization\"},\"potentialAction\":[{\"@type\":\"SearchAction\",\"target\":{\"@type\":\"EntryPoint\",\"urlTemplate\":\"https:\/\/about.macron.com\/en\/?s={search_term_string}\"},\"query-input\":{\"@type\":\"PropertyValueSpecification\",\"valueRequired\":true,\"valueName\":\"search_term_string\"}}],\"inLanguage\":\"en-US\"},{\"@type\":\"Organization\",\"@id\":\"https:\/\/about.macron.com\/en\/#organization\",\"name\":\"Macron S.p.A.\",\"url\":\"https:\/\/about.macron.com\/en\/\",\"logo\":{\"@type\":\"ImageObject\",\"inLanguage\":\"en-US\",\"@id\":\"https:\/\/about.macron.com\/en\/#\/schema\/logo\/image\/\",\"url\":\"https:\/\/about.macron.com\/wp-content\/uploads\/2025\/06\/Macron_Woodmark-Hero_Orizz_POS-2-scaled.png\",\"contentUrl\":\"https:\/\/about.macron.com\/wp-content\/uploads\/2025\/06\/Macron_Woodmark-Hero_Orizz_POS-2-scaled.png\",\"width\":2560,\"height\":1076,\"caption\":\"Macron S.p.A.\"},\"image\":{\"@id\":\"https:\/\/about.macron.com\/en\/#\/schema\/logo\/image\/\"},\"sameAs\":[\"https:\/\/www.facebook.com\/macronsports\/\",\"https:\/\/x.com\/MacronSports\",\"https:\/\/www.instagram.com\/macron\/\",\"https:\/\/www.linkedin.com\/company\/officialmacron\",\"https:\/\/x.com\/MacronSports\/\",\"https:\/\/www.youtube.com\/user\/macronvideo\"]},{\"@type\":\"Person\",\"@id\":\"https:\/\/about.macron.com\/en\/#\/schema\/person\/b51c79370ecd5137c6e294a8e02f5e95\",\"name\":\"f.pagliaroli\",\"image\":{\"@type\":\"ImageObject\",\"inLanguage\":\"en-US\",\"@id\":\"https:\/\/about.macron.com\/en\/#\/schema\/person\/image\/\",\"url\":\"https:\/\/secure.gravatar.com\/avatar\/b66722125ffec3b52221ba449f3a574d02ada5d6ea1f981a681e167d7bd3f387?s=96&d=mm&r=g\",\"contentUrl\":\"https:\/\/secure.gravatar.com\/avatar\/b66722125ffec3b52221ba449f3a574d02ada5d6ea1f981a681e167d7bd3f387?s=96&d=mm&r=g\",\"caption\":\"f.pagliaroli\"},\"url\":\"https:\/\/about.macron.com\/en\/news\/author\/f-pagliaroli\/\"}]}<\/script>\n<!-- \/ Yoast SEO plugin. -->","yoast_head_json":{"title":"L\u2019AC Reggiana in campo con una maglia speciale dedicata alle persone con disabilit\u00e0 visive | About Macron","robots":{"index":"index","follow":"follow","max-snippet":"max-snippet:-1","max-image-preview":"max-image-preview:large","max-video-preview":"max-video-preview:-1"},"canonical":"https:\/\/about.macron.com\/en\/news\/kit-launches\/lac-reggiana-in-campo-con-una-maglia-speciale-dedicata-alle-persone-con-disabilita-visive\/","og_locale":"en_US","og_type":"article","og_title":"L\u2019AC Reggiana in campo con una maglia speciale dedicata alle persone con disabilit\u00e0 visive | About Macron","og_description":"In occasione della Giornata Nazionale del Braille, sistema di lettura e scrittura per persone con disabilit\u00e0 visive, l\u2019AC Reggiana scende in campo oggi contro la Ternana indossando, come primo club in Italia, delle speciali maglie, realizzate da Macron per l\u2019occasione, sulle quali i nomi dei giocatori sono scritti utilizzando il codice messo a punto dal [&hellip;]","og_url":"https:\/\/about.macron.com\/en\/news\/kit-launches\/lac-reggiana-in-campo-con-una-maglia-speciale-dedicata-alle-persone-con-disabilita-visive\/","og_site_name":"About Macron","article_publisher":"https:\/\/www.facebook.com\/macronsports\/","article_published_time":"2024-02-17T00:00:00+00:00","article_modified_time":"2025-04-30T08:31:50+00:00","og_image":[{"width":1920,"height":1050,"url":"https:\/\/about.macron.com\/wp-content\/uploads\/2025\/02\/Reggiana-Braille-News-1920x1050-1.jpg","type":"image\/jpeg"}],"author":"f.pagliaroli","twitter_card":"summary_large_image","twitter_creator":"@MacronSports","twitter_site":"@MacronSports","twitter_misc":{"Written by":"f.pagliaroli","Est. reading time":"1 minute"},"schema":{"@context":"https:\/\/schema.org","@graph":[{"@type":"Article","@id":"https:\/\/about.macron.com\/en\/news\/kit-launches\/lac-reggiana-in-campo-con-una-maglia-speciale-dedicata-alle-persone-con-disabilita-visive\/#article","isPartOf":{"@id":"https:\/\/about.macron.com\/en\/news\/kit-launches\/lac-reggiana-in-campo-con-una-maglia-speciale-dedicata-alle-persone-con-disabilita-visive\/"},"author":{"name":"f.pagliaroli","@id":"https:\/\/about.macron.com\/en\/#\/schema\/person\/b51c79370ecd5137c6e294a8e02f5e95"},"headline":"L\u2019AC Reggiana in campo con una maglia speciale dedicata alle persone con disabilit\u00e0 visive","datePublished":"2024-02-17T00:00:00+00:00","dateModified":"2025-04-30T08:31:50+00:00","mainEntityOfPage":{"@id":"https:\/\/about.macron.com\/en\/news\/kit-launches\/lac-reggiana-in-campo-con-una-maglia-speciale-dedicata-alle-persone-con-disabilita-visive\/"},"wordCount":310,"publisher":{"@id":"https:\/\/about.macron.com\/en\/#organization"},"image":{"@id":"https:\/\/about.macron.com\/en\/news\/kit-launches\/lac-reggiana-in-campo-con-una-maglia-speciale-dedicata-alle-persone-con-disabilita-visive\/#primaryimage"},"thumbnailUrl":"https:\/\/about.macron.com\/wp-content\/uploads\/2025\/02\/Reggiana-Braille-News-1920x1050-1.jpg","keywords":["AC Reggiana 1919"],"articleSection":["Kit launches"],"inLanguage":"en-US"},{"@type":"WebPage","@id":"https:\/\/about.macron.com\/en\/news\/kit-launches\/lac-reggiana-in-campo-con-una-maglia-speciale-dedicata-alle-persone-con-disabilita-visive\/","url":"https:\/\/about.macron.com\/en\/news\/kit-launches\/lac-reggiana-in-campo-con-una-maglia-speciale-dedicata-alle-persone-con-disabilita-visive\/","name":"L\u2019AC Reggiana in campo con una maglia speciale dedicata alle persone con disabilit\u00e0 visive | About Macron","isPartOf":{"@id":"https:\/\/about.macron.com\/en\/#website"},"primaryImageOfPage":{"@id":"https:\/\/about.macron.com\/en\/news\/kit-launches\/lac-reggiana-in-campo-con-una-maglia-speciale-dedicata-alle-persone-con-disabilita-visive\/#primaryimage"},"image":{"@id":"https:\/\/about.macron.com\/en\/news\/kit-launches\/lac-reggiana-in-campo-con-una-maglia-speciale-dedicata-alle-persone-con-disabilita-visive\/#primaryimage"},"thumbnailUrl":"https:\/\/about.macron.com\/wp-content\/uploads\/2025\/02\/Reggiana-Braille-News-1920x1050-1.jpg","datePublished":"2024-02-17T00:00:00+00:00","dateModified":"2025-04-30T08:31:50+00:00","breadcrumb":{"@id":"https:\/\/about.macron.com\/en\/news\/kit-launches\/lac-reggiana-in-campo-con-una-maglia-speciale-dedicata-alle-persone-con-disabilita-visive\/#breadcrumb"},"inLanguage":"en-US","potentialAction":[{"@type":"ReadAction","target":["https:\/\/about.macron.com\/en\/news\/kit-launches\/lac-reggiana-in-campo-con-una-maglia-speciale-dedicata-alle-persone-con-disabilita-visive\/"]}]},{"@type":"ImageObject","inLanguage":"en-US","@id":"https:\/\/about.macron.com\/en\/news\/kit-launches\/lac-reggiana-in-campo-con-una-maglia-speciale-dedicata-alle-persone-con-disabilita-visive\/#primaryimage","url":"https:\/\/about.macron.com\/wp-content\/uploads\/2025\/02\/Reggiana-Braille-News-1920x1050-1.jpg","contentUrl":"https:\/\/about.macron.com\/wp-content\/uploads\/2025\/02\/Reggiana-Braille-News-1920x1050-1.jpg","width":1920,"height":1050},{"@type":"BreadcrumbList","@id":"https:\/\/about.macron.com\/en\/news\/kit-launches\/lac-reggiana-in-campo-con-una-maglia-speciale-dedicata-alle-persone-con-disabilita-visive\/#breadcrumb","itemListElement":[{"@type":"ListItem","position":1,"name":"Home","item":"https:\/\/about.macron.com\/en\/"},{"@type":"ListItem","position":2,"name":"News","item":"https:\/\/about.macron.com\/en\/news\/"},{"@type":"ListItem","position":3,"name":"Kit launches","item":"https:\/\/about.macron.com\/en\/news\/kit-launches\/"},{"@type":"ListItem","position":4,"name":"L\u2019AC Reggiana in campo con una maglia speciale dedicata alle persone con disabilit\u00e0 visive"}]},{"@type":"WebSite","@id":"https:\/\/about.macron.com\/en\/#website","url":"https:\/\/about.macron.com\/en\/","name":"About Macron","description":"Corporate website","publisher":{"@id":"https:\/\/about.macron.com\/en\/#organization"},"potentialAction":[{"@type":"SearchAction","target":{"@type":"EntryPoint","urlTemplate":"https:\/\/about.macron.com\/en\/?s={search_term_string}"},"query-input":{"@type":"PropertyValueSpecification","valueRequired":true,"valueName":"search_term_string"}}],"inLanguage":"en-US"},{"@type":"Organization","@id":"https:\/\/about.macron.com\/en\/#organization","name":"Macron S.p.A.","url":"https:\/\/about.macron.com\/en\/","logo":{"@type":"ImageObject","inLanguage":"en-US","@id":"https:\/\/about.macron.com\/en\/#\/schema\/logo\/image\/","url":"https:\/\/about.macron.com\/wp-content\/uploads\/2025\/06\/Macron_Woodmark-Hero_Orizz_POS-2-scaled.png","contentUrl":"https:\/\/about.macron.com\/wp-content\/uploads\/2025\/06\/Macron_Woodmark-Hero_Orizz_POS-2-scaled.png","width":2560,"height":1076,"caption":"Macron S.p.A."},"image":{"@id":"https:\/\/about.macron.com\/en\/#\/schema\/logo\/image\/"},"sameAs":["https:\/\/www.facebook.com\/macronsports\/","https:\/\/x.com\/MacronSports","https:\/\/www.instagram.com\/macron\/","https:\/\/www.linkedin.com\/company\/officialmacron","https:\/\/x.com\/MacronSports\/","https:\/\/www.youtube.com\/user\/macronvideo"]},{"@type":"Person","@id":"https:\/\/about.macron.com\/en\/#\/schema\/person\/b51c79370ecd5137c6e294a8e02f5e95","name":"f.pagliaroli","image":{"@type":"ImageObject","inLanguage":"en-US","@id":"https:\/\/about.macron.com\/en\/#\/schema\/person\/image\/","url":"https:\/\/secure.gravatar.com\/avatar\/b66722125ffec3b52221ba449f3a574d02ada5d6ea1f981a681e167d7bd3f387?s=96&d=mm&r=g","contentUrl":"https:\/\/secure.gravatar.com\/avatar\/b66722125ffec3b52221ba449f3a574d02ada5d6ea1f981a681e167d7bd3f387?s=96&d=mm&r=g","caption":"f.pagliaroli"},"url":"https:\/\/about.macron.com\/en\/news\/author\/f-pagliaroli\/"}]}},"_links":{"self":[{"href":"https:\/\/about.macron.com\/en\/wp-json\/wp\/v2\/posts\/4810","targetHints":{"allow":["GET"]}}],"collection":[{"href":"https:\/\/about.macron.com\/en\/wp-json\/wp\/v2\/posts"}],"about":[{"href":"https:\/\/about.macron.com\/en\/wp-json\/wp\/v2\/types\/post"}],"author":[{"embeddable":true,"href":"https:\/\/about.macron.com\/en\/wp-json\/wp\/v2\/users\/3"}],"replies":[{"embeddable":true,"href":"https:\/\/about.macron.com\/en\/wp-json\/wp\/v2\/comments?post=4810"}],"version-history":[{"count":1,"href":"https:\/\/about.macron.com\/en\/wp-json\/wp\/v2\/posts\/4810\/revisions"}],"predecessor-version":[{"id":6660,"href":"https:\/\/about.macron.com\/en\/wp-json\/wp\/v2\/posts\/4810\/revisions\/6660"}],"wp:featuredmedia":[{"embeddable":true,"href":"https:\/\/about.macron.com\/en\/wp-json\/wp\/v2\/media\/9891"}],"wp:attachment":[{"href":"https:\/\/about.macron.com\/en\/wp-json\/wp\/v2\/media?parent=4810"}],"wp:term":[{"taxonomy":"category","embeddable":true,"href":"https:\/\/about.macron.com\/en\/wp-json\/wp\/v2\/categories?post=4810"},{"taxonomy":"post_tag","embeddable":true,"href":"https:\/\/about.macron.com\/en\/wp-json\/wp\/v2\/tags?post=4810"}],"curies":[{"name":"wp","href":"https:\/\/api.w.org\/{rel}","templated":true}]}}